{"id":8885,"date":"2024-08-23T08:00:00","date_gmt":"2024-08-23T06:00:00","guid":{"rendered":"https:\/\/alphaavenue.ai\/?p=8885"},"modified":"2024-09-27T13:23:32","modified_gmt":"2024-09-27T11:23:32","slug":"guia-del-futuro-de-meta-mark-zuckerberg-habla-sobre-llama-3-10-y-el-papel-de-la-ra","status":"publish","type":"post","link":"https:\/\/alphaavenue.ai\/es\/revista\/la-empresa\/guia-del-futuro-de-meta-mark-zuckerberg-habla-sobre-llama-3-10-y-el-papel-de-la-ra\/","title":{"rendered":"Gu\u00eda del futuro de Meta: Mark Zuckerberg habla sobre Llama 3.10 y el papel de la RA"},"content":{"rendered":"\n<figure class=\"wp-block-embed is-type-video is-provider-youtube wp-block-embed-youtube wp-embed-aspect-16-9 wp-has-aspect-ratio\"><div class=\"wp-block-embed__wrapper\">\r\n<iframe title=\"Mark Zuckerberg on Llama, AI, &amp; Minus One\" width=\"800\" height=\"450\" src=\"https:\/\/www.youtube.com\/embed\/02fBBoZa9l4?feature=oembed\" frameborder=\"0\" allow=\"accelerometer; autoplay; clipboard-write; encrypted-media; gyroscope; picture-in-picture; web-share\" referrerpolicy=\"strict-origin-when-cross-origin\" allowfullscreen><\/iframe>\r\n<\/div><\/figure>\r\n\n<p>En una entrevista en South Park Commons, una comunidad para desarrolladores y tecn\u00f3logos con talento, Mark Zuckerberg, CEO de Meta, fue preguntado por sus d\u00e9cadas de carrera y su visi\u00f3n del futuro. La conversaci\u00f3n comenz\u00f3 con un comentario jocoso sobre su transformaci\u00f3n personal antes de que Zuckerberg profundizara en su filosof\u00eda como fundador e innovador.<\/p>\n\n<p>Zuckerberg reflexion\u00f3 sobre las distintas fases de Meta (antes Facebook) y subray\u00f3 la importancia de mantener la mentalidad de \u00abmenos uno a cero\u00bb, una filosof\u00eda que se centra en desarrollar y aplicar nuevas ideas antes incluso de que puedan considerarse \u00abuna\u00bb. Esta mentalidad ha guiado a Meta no s\u00f3lo en los turbulentos primeros a\u00f1os, sino tambi\u00e9n en los retos de los \u00faltimos diez, incluidas las responsabilidades pol\u00edticas y sociales que ha asumido la empresa.<\/p>\n\n<p>Un tema central de la conversaci\u00f3n fue el reciente lanzamiento del gran modelo ling\u00fc\u00edstico de Meta \u00abLlama 3.10\u00bb como c\u00f3digo abierto. Zuckerberg subray\u00f3 la importancia de centrarse en proyectos pioneros e inspiradores que vayan m\u00e1s all\u00e1 del est\u00e1ndar. Se\u00f1al\u00f3 el desarrollo de gafas de realidad aumentada (RA) como una de las \u00e1reas clave en las que Meta quiere ser l\u00edder en los pr\u00f3ximos 10 a 15 a\u00f1os.<\/p>\n\n<p>Zuckerberg tambi\u00e9n habl\u00f3 de c\u00f3mo Meta ha pasado de ser una red puramente social a una empresa a la vanguardia de la innovaci\u00f3n tecnol\u00f3gica. Subray\u00f3 que no se trata s\u00f3lo de hacer cosas \u00abbuenas\u00bb, sino de perseguir proyectos \u00abextraordinarios\u00bb e \u00abinspiradores\u00bb que puedan cambiar fundamentalmente la forma en que las personas interact\u00faan con la tecnolog\u00eda.<\/p>\n\n<p>La entrevista permiti\u00f3 conocer a fondo la visi\u00f3n a largo plazo de Zuckerberg para Meta y puso de relieve su inter\u00e9s no s\u00f3lo por crear plataformas sociales relevantes, sino tambi\u00e9n por dar forma al futuro de la tecnolog\u00eda. Meta se mantiene fiel a su creencia de que el mejor momento para hacer grandes cosas est\u00e1 a\u00fan por llegar.<\/p>\n\n<p>Fuente: <a href=\"https:\/\/youtu.be\/02fBBoZa9l4\" target=\"_blank\" rel=\"noreferrer noopener\">https:\/\/youtu.be\/02fBBoZa9l4<\/a><\/p>\n","protected":false},"excerpt":{"rendered":"<p>En una entrevista en South Park Commons, una comunidad para desarrolladores y tecn\u00f3logos con talento, Mark Zuckerberg, CEO de Meta, fue preguntado por sus d\u00e9cadas de carrera y su visi\u00f3n del futuro. La conversaci\u00f3n comenz\u00f3 con un comentario jocoso sobre su transformaci\u00f3n personal antes de que Zuckerberg profundizara en su filosof\u00eda como fundador e innovador. [&hellip;]<\/p>\n","protected":false},"author":6,"featured_media":8886,"comment_status":"open","ping_status":"closed","sticky":false,"template":"","format":"standard","meta":{"_acf_changed":false,"_uag_custom_page_level_css":"","footnotes":""},"categories":[97],"tags":[],"class_list":["post-8885","post","type-post","status-publish","format-standard","has-post-thumbnail","hentry","category-la-empresa"],"acf":[],"spectra_custom_meta":{"rank_math_internal_links_processed":["1"],"_wpml_media_duplicate":["1"],"_wpml_media_featured":["1"],"rank_math_title":["Mark Zuckerberg en Llama 3.10: el camino de Meta hacia el futuro de la tecnolog\u00eda de realidad aumentada %sep% %sitename"],"rank_math_description":["Mark Zuckerberg habla de Llama 3.10 y del futuro de la realidad aumentada: la visi\u00f3n de Meta y su innovaci\u00f3n tecnol\u00f3gica en una entrevista exclusiva."],"rank_math_focus_keyword":["mark zuckerberg"],"_thumbnail_id":["8886"],"_last_translation_edit_mode":["native-editor"],"_oembed_7f32887e91164926f9c941e2d6831a7a":["<iframe title=\"Mark Zuckerberg on Llama, AI, &amp; Minus One\" width=\"800\" height=\"450\" src=\"https:\/\/www.youtube.com\/embed\/02fBBoZa9l4?feature=oembed\" frameborder=\"0\" allow=\"accelerometer; autoplay; clipboard-write; encrypted-media; gyroscope; picture-in-picture; web-share\" referrerpolicy=\"strict-origin-when-cross-origin\" allowfullscreen><\/iframe>"],"_oembed_time_7f32887e91164926f9c941e2d6831a7a":["1727436207"],"_edit_lock":["1727436213:6"],"_encloseme":["1"],"_edit_last":["6"],"gnpub_modified_count":["1"],"_wpml_media_has_media":["1"],"ilj_blacklistdefinition":["a:0:{}"],"ilj_linkdefinition":["a:0:{}"],"rank_math_analytic_object_id":["183"],"rank_math_schema_NewsArticle":["a:9:{s:8:\"headline\";s:11:\"%seo_title%\";s:11:\"description\";s:17:\"%seo_description%\";s:13:\"datePublished\";s:20:\"%date(Y-m-dTH:i:sP)%\";s:12:\"dateModified\";s:24:\"%modified(Y-m-dTH:i:sP)%\";s:8:\"keywords\";s:10:\"%keywords%\";s:5:\"image\";a:2:{s:5:\"@type\";s:11:\"ImageObject\";s:3:\"url\";s:16:\"%post_thumbnail%\";}s:6:\"author\";a:2:{s:5:\"@type\";s:6:\"Person\";s:4:\"name\";s:6:\"%name%\";}s:5:\"@type\";s:11:\"NewsArticle\";s:8:\"metadata\";a:3:{s:5:\"title\";s:9:\"Art\u00edculo\";s:4:\"type\";s:8:\"template\";s:9:\"isPrimary\";b:1;}}"],"rank_math_schema_VideoObject":["a:12:{s:5:\"@type\";s:11:\"VideoObject\";s:8:\"metadata\";a:8:{s:5:\"title\";s:5:\"Video\";s:4:\"type\";s:8:\"template\";s:9:\"shortcode\";s:15:\"s-66f695b4ae03c\";s:9:\"isPrimary\";b:1;s:23:\"reviewLocationShortcode\";s:24:\"[rank_math_rich_snippet]\";s:8:\"category\";s:12:\"%categories%\";s:4:\"tags\";s:6:\"%tags%\";s:15:\"isAutoGenerated\";b:1;}s:4:\"name\";s:45:\"Mark Zuckerberg on Llama, AI, &amp; Minus One\";s:11:\"description\";s:160:\"How did Mark Zuckerberg turn Facebook into Meta? Why does he think open source is the future of AI? And how has he maintained a Minus One mindset at his foun...\";s:10:\"uploadDate\";s:25:\"2024-08-08T09:46:06-07:00\";s:12:\"thumbnailUrl\";s:86:\"https:\/\/alphaavenue.ai\/wp-content\/uploads\/2024\/09\/mark-zuckerberg-on-llama-ai-minu.jpg\";s:8:\"embedUrl\";s:41:\"https:\/\/www.youtube.com\/embed\/02fBBoZa9l4\";s:10:\"contentUrl\";s:0:\"\";s:8:\"duration\";s:8:\"PT58M42S\";s:5:\"width\";s:4:\"1280\";s:6:\"height\";s:3:\"720\";s:16:\"isFamilyFriendly\";b:1;}"],"rank_math_primary_category":["97"],"rank_math_seo_score":["65"],"_uagb_previous_block_counts":["a:90:{s:21:\"uagb\/advanced-heading\";i:0;s:15:\"uagb\/blockquote\";i:0;s:12:\"uagb\/buttons\";i:0;s:18:\"uagb\/buttons-child\";i:0;s:19:\"uagb\/call-to-action\";i:0;s:15:\"uagb\/cf7-styler\";i:0;s:11:\"uagb\/column\";i:0;s:12:\"uagb\/columns\";i:0;s:14:\"uagb\/container\";i:0;s:21:\"uagb\/content-timeline\";i:0;s:27:\"uagb\/content-timeline-child\";i:0;s:14:\"uagb\/countdown\";i:0;s:12:\"uagb\/counter\";i:0;s:8:\"uagb\/faq\";i:0;s:14:\"uagb\/faq-child\";i:0;s:10:\"uagb\/forms\";i:0;s:17:\"uagb\/forms-accept\";i:0;s:19:\"uagb\/forms-checkbox\";i:0;s:15:\"uagb\/forms-date\";i:0;s:16:\"uagb\/forms-email\";i:0;s:17:\"uagb\/forms-hidden\";i:0;s:15:\"uagb\/forms-name\";i:0;s:16:\"uagb\/forms-phone\";i:0;s:16:\"uagb\/forms-radio\";i:0;s:17:\"uagb\/forms-select\";i:0;s:19:\"uagb\/forms-textarea\";i:0;s:17:\"uagb\/forms-toggle\";i:0;s:14:\"uagb\/forms-url\";i:0;s:14:\"uagb\/gf-styler\";i:0;s:15:\"uagb\/google-map\";i:0;s:11:\"uagb\/how-to\";i:0;s:16:\"uagb\/how-to-step\";i:0;s:9:\"uagb\/icon\";i:0;s:14:\"uagb\/icon-list\";i:0;s:20:\"uagb\/icon-list-child\";i:0;s:10:\"uagb\/image\";i:0;s:18:\"uagb\/image-gallery\";i:0;s:13:\"uagb\/info-box\";i:0;s:18:\"uagb\/inline-notice\";i:0;s:11:\"uagb\/lottie\";i:0;s:21:\"uagb\/marketing-button\";i:0;s:10:\"uagb\/modal\";i:0;s:18:\"uagb\/popup-builder\";i:0;s:16:\"uagb\/post-button\";i:0;s:18:\"uagb\/post-carousel\";i:0;s:17:\"uagb\/post-excerpt\";i:0;s:14:\"uagb\/post-grid\";i:0;s:15:\"uagb\/post-image\";i:0;s:17:\"uagb\/post-masonry\";i:0;s:14:\"uagb\/post-meta\";i:0;s:18:\"uagb\/post-taxonomy\";i:0;s:18:\"uagb\/post-timeline\";i:0;s:15:\"uagb\/post-title\";i:0;s:20:\"uagb\/restaurant-menu\";i:0;s:26:\"uagb\/restaurant-menu-child\";i:0;s:11:\"uagb\/review\";i:0;s:12:\"uagb\/section\";i:0;s:14:\"uagb\/separator\";i:0;s:11:\"uagb\/slider\";i:0;s:17:\"uagb\/slider-child\";i:0;s:17:\"uagb\/social-share\";i:0;s:23:\"uagb\/social-share-child\";i:0;s:16:\"uagb\/star-rating\";i:0;s:23:\"uagb\/sure-cart-checkout\";i:0;s:22:\"uagb\/sure-cart-product\";i:0;s:15:\"uagb\/sure-forms\";i:0;s:22:\"uagb\/table-of-contents\";i:0;s:9:\"uagb\/tabs\";i:0;s:15:\"uagb\/tabs-child\";i:0;s:18:\"uagb\/taxonomy-list\";i:0;s:9:\"uagb\/team\";i:0;s:16:\"uagb\/testimonial\";i:0;s:14:\"uagb\/wp-search\";i:0;s:19:\"uagb\/instagram-feed\";i:0;s:10:\"uagb\/login\";i:0;s:17:\"uagb\/loop-builder\";i:0;s:18:\"uagb\/loop-category\";i:0;s:20:\"uagb\/loop-pagination\";i:0;s:15:\"uagb\/loop-reset\";i:0;s:16:\"uagb\/loop-search\";i:0;s:14:\"uagb\/loop-sort\";i:0;s:17:\"uagb\/loop-wrapper\";i:0;s:13:\"uagb\/register\";i:0;s:19:\"uagb\/register-email\";i:0;s:24:\"uagb\/register-first-name\";i:0;s:23:\"uagb\/register-last-name\";i:0;s:22:\"uagb\/register-password\";i:0;s:30:\"uagb\/register-reenter-password\";i:0;s:19:\"uagb\/register-terms\";i:0;s:22:\"uagb\/register-username\";i:0;}"],"_uag_css_file_name":["uag-css-8885.css"],"_uag_page_assets":["a:9:{s:3:\"css\";s:263:\".uag-blocks-common-selector{z-index:var(--z-index-desktop) !important}@media (max-width: 976px){.uag-blocks-common-selector{z-index:var(--z-index-tablet) !important}}@media (max-width: 767px){.uag-blocks-common-selector{z-index:var(--z-index-mobile) !important}}\n\";s:2:\"js\";s:0:\"\";s:18:\"current_block_list\";a:9:{i:0;s:10:\"core\/embed\";i:1;s:14:\"core\/paragraph\";i:2;s:11:\"core\/search\";i:3;s:10:\"core\/group\";i:4;s:12:\"core\/heading\";i:5;s:17:\"core\/latest-posts\";i:6;s:20:\"core\/latest-comments\";i:7;s:13:\"core\/archives\";i:8;s:15:\"core\/categories\";}s:8:\"uag_flag\";b:0;s:11:\"uag_version\";s:10:\"1776456216\";s:6:\"gfonts\";a:0:{}s:10:\"gfonts_url\";s:0:\"\";s:12:\"gfonts_files\";a:0:{}s:14:\"uag_faq_layout\";b:0;}"]},"uagb_featured_image_src":{"full":["https:\/\/alphaavenue.ai\/wp-content\/uploads\/2024\/08\/llama_-ar_169_-.png",1456,816,false],"thumbnail":["https:\/\/alphaavenue.ai\/wp-content\/uploads\/2024\/08\/llama_-ar_169_--150x150.png",150,150,true],"medium":["https:\/\/alphaavenue.ai\/wp-content\/uploads\/2024\/08\/llama_-ar_169_--300x168.png",300,168,true],"medium_large":["https:\/\/alphaavenue.ai\/wp-content\/uploads\/2024\/08\/llama_-ar_169_--768x430.png",768,430,true],"large":["https:\/\/alphaavenue.ai\/wp-content\/uploads\/2024\/08\/llama_-ar_169_--1024x574.png",800,448,true],"1536x1536":["https:\/\/alphaavenue.ai\/wp-content\/uploads\/2024\/08\/llama_-ar_169_-.png",1456,816,false],"2048x2048":["https:\/\/alphaavenue.ai\/wp-content\/uploads\/2024\/08\/llama_-ar_169_-.png",1456,816,false]},"uagb_author_info":{"display_name":"Justus Becker","author_link":"https:\/\/alphaavenue.ai\/es\/author\/justus-becker\/"},"uagb_comment_info":0,"uagb_excerpt":"En una entrevista en South Park Commons, una comunidad para desarrolladores y tecn\u00f3logos con talento, Mark Zuckerberg, CEO de Meta, fue preguntado por sus d\u00e9cadas de carrera y su visi\u00f3n del futuro. La conversaci\u00f3n comenz\u00f3 con un comentario jocoso sobre su transformaci\u00f3n personal antes de que Zuckerberg profundizara en su filosof\u00eda como fundador e innovador.&hellip;","rankmath":{"rank_math_title":"Mark Zuckerberg en Llama 3.10: el camino de Meta hacia el futuro de la tecnolog\u00eda de realidad aumentada %sep% %sitename","rank_math_description":"Mark Zuckerberg habla de Llama 3.10 y del futuro de la realidad aumentada: la visi\u00f3n de Meta y su innovaci\u00f3n tecnol\u00f3gica en una entrevista exclusiva.","rank_math_focus_keyword":"mark zuckerberg","rank_math_seo_score":"65","rank_math_primary_category":97,"rank_math_analytic_object_id":"183","rank_math_internal_links_processed":"1","lang":"es"},"_links":{"self":[{"href":"https:\/\/alphaavenue.ai\/es\/wp-json\/wp\/v2\/posts\/8885","targetHints":{"allow":["GET"]}}],"collection":[{"href":"https:\/\/alphaavenue.ai\/es\/wp-json\/wp\/v2\/posts"}],"about":[{"href":"https:\/\/alphaavenue.ai\/es\/wp-json\/wp\/v2\/types\/post"}],"author":[{"embeddable":true,"href":"https:\/\/alphaavenue.ai\/es\/wp-json\/wp\/v2\/users\/6"}],"replies":[{"embeddable":true,"href":"https:\/\/alphaavenue.ai\/es\/wp-json\/wp\/v2\/comments?post=8885"}],"version-history":[{"count":1,"href":"https:\/\/alphaavenue.ai\/es\/wp-json\/wp\/v2\/posts\/8885\/revisions"}],"predecessor-version":[{"id":8887,"href":"https:\/\/alphaavenue.ai\/es\/wp-json\/wp\/v2\/posts\/8885\/revisions\/8887"}],"wp:featuredmedia":[{"embeddable":true,"href":"https:\/\/alphaavenue.ai\/es\/wp-json\/wp\/v2\/media\/8886"}],"wp:attachment":[{"href":"https:\/\/alphaavenue.ai\/es\/wp-json\/wp\/v2\/media?parent=8885"}],"wp:term":[{"taxonomy":"category","embeddable":true,"href":"https:\/\/alphaavenue.ai\/es\/wp-json\/wp\/v2\/categories?post=8885"},{"taxonomy":"post_tag","embeddable":true,"href":"https:\/\/alphaavenue.ai\/es\/wp-json\/wp\/v2\/tags?post=8885"}],"curies":[{"name":"wp","href":"https:\/\/api.w.org\/{rel}","templated":true}]}}